{"id":1542,"date":"2013-08-10T15:46:50","date_gmt":"2013-08-10T15:46:50","guid":{"rendered":"http:\/\/www.bggroteradler.de\/?p=1542"},"modified":"2018-03-21T20:59:29","modified_gmt":"2018-03-21T19:59:29","slug":"brandenburgische-genealogische-nachrichten-32013","status":"publish","type":"post","link":"https:\/\/testhp.bggroteradler.de\/brandenburgische-genealogische-nachrichten-32013\/","title":{"rendered":"Brandenburgische Genealogische Nachrichten 3\/2013"},"content":{"rendered":"<p><a href=\"https:\/\/testhp.bggroteradler.de\/wp-content\/uploads\/2013\/08\/BGN-3_2013.jpg\"><img decoding=\"async\" src=\"https:\/\/testhp.bggroteradler.de\/wp-content\/uploads\/2013\/08\/BGN-3_2013.jpg\" alt=\"BGN 3_2013\" width=\"250\"  class=\"alignright\" \/><\/a><\/p>\n<p>Soeben im Briefkasten aller Mitglieder: die neueste Ausgabe der Brandenburgischen Genealogischen Nachrichten.<\/p>\n<p><small><\/p>\n<p>Aus dem Inhalt:<\/p>\n<ul>\n<li>Aus unserem Verein\n<ul>\n<li>Gl\u00fcckw\u00fcnsche <\/li>\n<li>Exkursion nach Rixdorf\/Neuk\u00f6lln <\/li>\n<\/ul>\n<\/li>\n<li>Aus dem Dachverband\n<ul>\n<li>Das 8. Regionaltreffen Brandenburg <\/li>\n<li>65. Deutscher Genealogentag <\/li>\n<\/ul>\n<\/li>\n<li>Beitr\u00e4ge zum Forschungsgebiet\n<ul>\n<li>Vergessene Orte \u2013 Berliner Stra\u00dfen und Pl\u00e4tze, Teil 5 \u2013 Der Oberbaum und der Unterbaum als Wassertore auf der Spree <\/li>\n<li>Der Geburtsbrief des Martin Wobring aus F\u00fcrstenwalde <\/li>\n<li>Brandenburger 1945 in der Festung K\u00fcstrin, Teil 1 <\/li>\n<\/ul>\n<\/li>\n<li>Der Volksmund, Vergessenes und Kurioses\n<ul>\n<li>Gelegenheitsfunde <\/li>\n<li>Gr\u00fc\u00dfe aus dem Gro\u00dfvaterland <\/li>\n<\/ul>\n<\/li>\n<li>Forschungshilfen\n<ul>\n<li>M\u00f6gliche Quellen f\u00fcr die Ahnenforschung <\/li>\n<\/ul>\n<\/li>\n<li>Interessantes aus den Medien\n<ul>\n<li>Zeitschriftenschau <\/li>\n<\/ul>\n<\/li>\n<li>Veranstaltungskalender <\/li>\n<\/ul>\n<p><\/small><\/p>\n<p>Mitglieder erhalten die BGN automatisch zugesandt. Nichtmitglieder k\u00f6nnen des Heft \u00fcber den <a href=\"https:\/\/testhp.bggroteradler.de\/?page_id=1294\" target=\"_blank\">Verein<\/a> beziehen<\/p>\n","protected":false},"excerpt":{"rendered":"<p>Soeben im Briefkasten aller Mitglieder: die neueste Ausgabe der Brandenburgischen Genealogischen Nachrichten. Aus dem Inhalt:&#8230;<\/p>\n","protected":false},"author":1462,"featured_media":0,"comment_status":"closed","ping_status":"closed","sticky":false,"template":"","format":"standard","meta":{"footnotes":""},"categories":[21],"tags":[20,22],"coauthors":[835],"class_list":["post-1542","post","type-post","status-publish","format-standard","hentry","category-publikationen","tag-bgn","tag-zeitschriften"],"_links":{"self":[{"href":"https:\/\/testhp.bggroteradler.de\/wp-json\/wp\/v2\/posts\/1542","targetHints":{"allow":["GET"]}}],"collection":[{"href":"https:\/\/testhp.bggroteradler.de\/wp-json\/wp\/v2\/posts"}],"about":[{"href":"https:\/\/testhp.bggroteradler.de\/wp-json\/wp\/v2\/types\/post"}],"author":[{"embeddable":true,"href":"https:\/\/testhp.bggroteradler.de\/wp-json\/wp\/v2\/users\/1462"}],"replies":[{"embeddable":true,"href":"https:\/\/testhp.bggroteradler.de\/wp-json\/wp\/v2\/comments?post=1542"}],"version-history":[{"count":6,"href":"https:\/\/testhp.bggroteradler.de\/wp-json\/wp\/v2\/posts\/1542\/revisions"}],"predecessor-version":[{"id":1549,"href":"https:\/\/testhp.bggroteradler.de\/wp-json\/wp\/v2\/posts\/1542\/revisions\/1549"}],"wp:attachment":[{"href":"https:\/\/testhp.bggroteradler.de\/wp-json\/wp\/v2\/media?parent=1542"}],"wp:term":[{"taxonomy":"category","embeddable":true,"href":"https:\/\/testhp.bggroteradler.de\/wp-json\/wp\/v2\/categories?post=1542"},{"taxonomy":"post_tag","embeddable":true,"href":"https:\/\/testhp.bggroteradler.de\/wp-json\/wp\/v2\/tags?post=1542"},{"taxonomy":"author","embeddable":true,"href":"https:\/\/testhp.bggroteradler.de\/wp-json\/wp\/v2\/coauthors?post=1542"}],"curies":[{"name":"wp","href":"https:\/\/api.w.org\/{rel}","templated":true}]}}