{"id":2421,"date":"2015-04-18T21:30:50","date_gmt":"2015-04-18T20:30:50","guid":{"rendered":"http:\/\/www.bggroteradler.de\/?p=2421"},"modified":"2021-11-27T00:06:21","modified_gmt":"2021-11-26T23:06:21","slug":"jahreshauptversammlung-2015-2","status":"publish","type":"post","link":"https:\/\/testhp.bggroteradler.de\/jahreshauptversammlung-2015-2\/","title":{"rendered":"Jahreshauptversammlung 2015"},"content":{"rendered":"<figure id=\"attachment_2423\" aria-describedby=\"caption-attachment-2423\" style=\"width: 240px\" class=\"wp-caption alignleft\"><a href=\"https:\/\/testhp.bggroteradler.de\/wp-content\/uploads\/2015\/04\/800_9160.jpg\"><img loading=\"lazy\" decoding=\"async\" src=\"https:\/\/testhp.bggroteradler.de\/wp-content\/uploads\/2015\/04\/800_9160-300x200.jpg\" alt=\"Restaurant Golm\u00e9\" width=\"240\" height=\"160\" class=\"size-medium wp-image-2423\" srcset=\"https:\/\/testhp.bggroteradler.de\/wp-content\/uploads\/2015\/04\/800_9160-300x200.jpg 300w, https:\/\/testhp.bggroteradler.de\/wp-content\/uploads\/2015\/04\/800_9160-600x400.jpg 600w, https:\/\/testhp.bggroteradler.de\/wp-content\/uploads\/2015\/04\/800_9160-1024x683.jpg 1024w, https:\/\/testhp.bggroteradler.de\/wp-content\/uploads\/2015\/04\/800_9160-900x601.jpg 900w, https:\/\/testhp.bggroteradler.de\/wp-content\/uploads\/2015\/04\/800_9160.jpg 1500w\" sizes=\"auto, (max-width: 240px) 100vw, 240px\" \/><\/a><figcaption id=\"caption-attachment-2423\" class=\"wp-caption-text\">Restaurant Golm\u00e9<\/figcaption><\/figure>\n<p style=\"text-align:justify\">Nun liegt sie hinter uns, unsere Jahreshauptversammlung. Die ersten Bilder gab es schon gegen 15:00 Uhr von Ingrid bei Facebook, den ersten <a href=\"http:\/\/www.mfpev.de\/nachrichtenleser\/jahreshauptversammlung-der-bgg.html\" target=\"_blank\" rel=\"noopener noreferrer\">Bericht<\/a> brachten unsere Freunde von <a href=\"http:\/\/www.mfpev.de\/mfp-home.html\" target=\"_blank\" rel=\"noopener noreferrer\">Verein f\u00fcr Mecklenburgische Familien- und Personenforschung<\/a>.<\/p>\n<p style=\"text-align:justify\">Da das uspr\u00fcnglich gew\u00e4hlte Lokal nicht mehr zur Verf\u00fcgung stand, wichen wir in das <a href=\"http:\/\/www.restaurant-golme.de\/\" target=\"_blank\" rel=\"noopener noreferrer\">Restaurant Golm\u00e9<\/a> aus. Dank der gro\u00dfen Teilnehmerzahl platzte unser Versammlungsr\u00e4tsel fast aus den N\u00e4hten.<\/p>\n<p><!--more--><\/p>\n<figure id=\"attachment_2427\" aria-describedby=\"caption-attachment-2427\" style=\"width: 240px\" class=\"wp-caption alignright\"><a href=\"https:\/\/testhp.bggroteradler.de\/wp-content\/uploads\/2015\/04\/800_9171.jpg\"><img loading=\"lazy\" decoding=\"async\" src=\"https:\/\/testhp.bggroteradler.de\/wp-content\/uploads\/2015\/04\/800_9171-300x200.jpg\" alt=\"Gerd Schwarzlose und die Malerinnung\" width=\"240\" height=\"160\" class=\"size-medium wp-image-2427\" srcset=\"https:\/\/testhp.bggroteradler.de\/wp-content\/uploads\/2015\/04\/800_9171-300x200.jpg 300w, https:\/\/testhp.bggroteradler.de\/wp-content\/uploads\/2015\/04\/800_9171-600x400.jpg 600w, https:\/\/testhp.bggroteradler.de\/wp-content\/uploads\/2015\/04\/800_9171-1024x683.jpg 1024w, https:\/\/testhp.bggroteradler.de\/wp-content\/uploads\/2015\/04\/800_9171-900x601.jpg 900w, https:\/\/testhp.bggroteradler.de\/wp-content\/uploads\/2015\/04\/800_9171.jpg 1500w\" sizes=\"auto, (max-width: 240px) 100vw, 240px\" \/><\/a><figcaption id=\"caption-attachment-2427\" class=\"wp-caption-text\">Gerd Schwarzlose und die Malerinnung<\/figcaption><\/figure>\n<p style=\"text-align:justify\">Am Vormittag standen zwei Vortr\u00e4ge auf dem Programm. Begonnen hat Gerd Schwarzlose mit einem Bericht und vielen Bildern zu seiner Forschung \u00fcber die Potsdamer Malerinnung.<\/p>\n<p style=\"text-align:justify\">Danach berichtete der Vorsitzende des <a href=\"http:\/\/www.mfpev.de\/mfp-home.html\" target=\"_blank\" rel=\"noopener noreferrer\">Vereins f\u00fcr Mecklenburgische Familien- und Personenforschung<\/a> Andreas Parlow \u00fcber die Neuigkeiten bei den Mecklenburgern.<\/p>\n<figure id=\"attachment_2438\" aria-describedby=\"caption-attachment-2438\" style=\"width: 240px\" class=\"wp-caption alignleft\"><a href=\"https:\/\/testhp.bggroteradler.de\/wp-content\/uploads\/2015\/04\/800_9172.jpg\"><img loading=\"lazy\" decoding=\"async\" src=\"https:\/\/testhp.bggroteradler.de\/wp-content\/uploads\/2015\/04\/800_9172-300x200.jpg\" alt=\"Andreas Parlow\" width=\"240\" height=\"160\" class=\"size-medium wp-image-2438\" srcset=\"https:\/\/testhp.bggroteradler.de\/wp-content\/uploads\/2015\/04\/800_9172-300x200.jpg 300w, https:\/\/testhp.bggroteradler.de\/wp-content\/uploads\/2015\/04\/800_9172-600x400.jpg 600w, https:\/\/testhp.bggroteradler.de\/wp-content\/uploads\/2015\/04\/800_9172-1024x683.jpg 1024w, https:\/\/testhp.bggroteradler.de\/wp-content\/uploads\/2015\/04\/800_9172-900x601.jpg 900w, https:\/\/testhp.bggroteradler.de\/wp-content\/uploads\/2015\/04\/800_9172.jpg 1500w\" sizes=\"auto, (max-width: 240px) 100vw, 240px\" \/><\/a><figcaption id=\"caption-attachment-2438\" class=\"wp-caption-text\">Andreas Parlow<\/figcaption><\/figure>\n<p style=\"text-align:justify\">Nach einer kurzen St\u00e4rkung begann dann um 14:00 Uhr die offizielle Jahreshauptversammlung. In bew\u00e4hrter Weise wurde die Jahreshauptversammlung vom Tagungsleiter Peter K\u00f6hler geleitet.<\/p>\n<figure id=\"attachment_2454\" aria-describedby=\"caption-attachment-2454\" style=\"width: 240px\" class=\"wp-caption alignright\"><a href=\"https:\/\/testhp.bggroteradler.de\/wp-content\/uploads\/2015\/04\/800_9185.jpg\"><img loading=\"lazy\" decoding=\"async\" src=\"https:\/\/testhp.bggroteradler.de\/wp-content\/uploads\/2015\/04\/800_9185-300x200.jpg\" alt=\"Peter K\u00f6hler\" width=\"240\" height=\"160\" class=\"size-medium wp-image-2454\" srcset=\"https:\/\/testhp.bggroteradler.de\/wp-content\/uploads\/2015\/04\/800_9185-300x200.jpg 300w, https:\/\/testhp.bggroteradler.de\/wp-content\/uploads\/2015\/04\/800_9185-600x400.jpg 600w, https:\/\/testhp.bggroteradler.de\/wp-content\/uploads\/2015\/04\/800_9185-1024x683.jpg 1024w, https:\/\/testhp.bggroteradler.de\/wp-content\/uploads\/2015\/04\/800_9185-900x601.jpg 900w, https:\/\/testhp.bggroteradler.de\/wp-content\/uploads\/2015\/04\/800_9185.jpg 1500w\" sizes=\"auto, (max-width: 240px) 100vw, 240px\" \/><\/a><figcaption id=\"caption-attachment-2454\" class=\"wp-caption-text\">Peter K\u00f6hler<\/figcaption><\/figure>\n<p style=\"text-align:justify\">Nachdem Gerd-Christian Treutler den Bericht des Vorstandes vorgetragen hatte, referierten unsere Schatzmeister Gerd Schwarzlose und Manuela Colombe zu Jahresabschluss 2014 und den Haushaltspl\u00e4nen 2015 und 2016, die im Anschluss von der Mitgliederversammlung beschlossen wurden.<\/p>\n<figure id=\"attachment_2456\" aria-describedby=\"caption-attachment-2456\" style=\"width: 240px\" class=\"wp-caption alignleft\"><a href=\"https:\/\/testhp.bggroteradler.de\/wp-content\/uploads\/2015\/04\/800_9181.jpg\"><img loading=\"lazy\" decoding=\"async\" src=\"https:\/\/testhp.bggroteradler.de\/wp-content\/uploads\/2015\/04\/800_9181-300x200.jpg\" alt=\"Gerd-Christian Treutler\" width=\"240\" height=\"160\" class=\"size-medium wp-image-2456\" srcset=\"https:\/\/testhp.bggroteradler.de\/wp-content\/uploads\/2015\/04\/800_9181-300x200.jpg 300w, https:\/\/testhp.bggroteradler.de\/wp-content\/uploads\/2015\/04\/800_9181-600x400.jpg 600w, https:\/\/testhp.bggroteradler.de\/wp-content\/uploads\/2015\/04\/800_9181-1024x683.jpg 1024w, https:\/\/testhp.bggroteradler.de\/wp-content\/uploads\/2015\/04\/800_9181-900x601.jpg 900w, https:\/\/testhp.bggroteradler.de\/wp-content\/uploads\/2015\/04\/800_9181.jpg 1500w\" sizes=\"auto, (max-width: 240px) 100vw, 240px\" \/><\/a><figcaption id=\"caption-attachment-2456\" class=\"wp-caption-text\">Gerd-Christian Treutler<\/figcaption><\/figure>\n<p style=\"text-align:justify\">J\u00f6rg Schnadt trug das letzte Mal als Kassenpr\u00fcfer seinen Bericht vor.<\/p>\n<p style=\"text-align:justify\">Neben den Beschl\u00fcssen zu den Haushaltspl\u00e4nen fasste die Mitgliederversammlung den Beschluss, den Mitgliedsbeitrag und die Aufnahmegeb\u00fchr unver\u00e4ndert zu belassen.<\/p>\n<figure id=\"attachment_2460\" aria-describedby=\"caption-attachment-2460\" style=\"width: 240px\" class=\"wp-caption alignright\"><a href=\"https:\/\/testhp.bggroteradler.de\/wp-content\/uploads\/2015\/04\/800_9188.jpg\"><img loading=\"lazy\" decoding=\"async\" src=\"https:\/\/testhp.bggroteradler.de\/wp-content\/uploads\/2015\/04\/800_9188-300x200.jpg\" alt=\"Gerd Schwarzlose und Manuela Colombe\" width=\"240\" height=\"160\" class=\"size-medium wp-image-2460\" srcset=\"https:\/\/testhp.bggroteradler.de\/wp-content\/uploads\/2015\/04\/800_9188-300x200.jpg 300w, https:\/\/testhp.bggroteradler.de\/wp-content\/uploads\/2015\/04\/800_9188-600x400.jpg 600w, https:\/\/testhp.bggroteradler.de\/wp-content\/uploads\/2015\/04\/800_9188-1024x683.jpg 1024w, https:\/\/testhp.bggroteradler.de\/wp-content\/uploads\/2015\/04\/800_9188-900x601.jpg 900w, https:\/\/testhp.bggroteradler.de\/wp-content\/uploads\/2015\/04\/800_9188.jpg 1500w\" sizes=\"auto, (max-width: 240px) 100vw, 240px\" \/><\/a><figcaption id=\"caption-attachment-2460\" class=\"wp-caption-text\">Gerd Schwarzlose und Manuela Colombe<\/figcaption><\/figure>\n<p style=\"text-align:justify\">Damit bleibt der Beitrag auch im zehnten Jahr der Brandenburgischen Genealogischen Gesellschaft &#8222;Roter Adler&#8220; e. V. unver\u00e4ndert bei 35 Euro.<\/p>\n<p style=\"text-align:justify\">Nachdem die finanziellen Dinge gekl\u00e4rt waren, wurde der Vorstand gew\u00e4hlt.<\/p>\n<figure id=\"attachment_2464\" aria-describedby=\"caption-attachment-2464\" style=\"width: 240px\" class=\"wp-caption alignleft\"><a href=\"https:\/\/testhp.bggroteradler.de\/wp-content\/uploads\/2015\/04\/800_9202.jpg\"><img loading=\"lazy\" decoding=\"async\" src=\"https:\/\/testhp.bggroteradler.de\/wp-content\/uploads\/2015\/04\/800_9202-300x200.jpg\" alt=\"J\u00f6rg Schnadt\" width=\"240\" height=\"160\" class=\"size-medium wp-image-2464\" srcset=\"https:\/\/testhp.bggroteradler.de\/wp-content\/uploads\/2015\/04\/800_9202-300x200.jpg 300w, https:\/\/testhp.bggroteradler.de\/wp-content\/uploads\/2015\/04\/800_9202-600x400.jpg 600w, https:\/\/testhp.bggroteradler.de\/wp-content\/uploads\/2015\/04\/800_9202-1024x683.jpg 1024w, https:\/\/testhp.bggroteradler.de\/wp-content\/uploads\/2015\/04\/800_9202-900x601.jpg 900w, https:\/\/testhp.bggroteradler.de\/wp-content\/uploads\/2015\/04\/800_9202.jpg 1500w\" sizes=\"auto, (max-width: 240px) 100vw, 240px\" \/><\/a><figcaption id=\"caption-attachment-2464\" class=\"wp-caption-text\">J\u00f6rg Schnadt<\/figcaption><\/figure>\n<p style=\"text-align:justify\">Alle bisherigen Mitglieder des Vorstandes wurden in ihren Funktionen best\u00e4tigt. Als neues Vorstandsmitglied wurde J\u00f6rg Schnadt als Beirat f\u00fcr Projekte gew\u00e4hlt.<\/p>\n<p><br class=\"clear\"><br class=\"clear\"><br class=\"clear\"><br class=\"clear\"><br \/>\n<em>Alle Fotos: Dirk Peters<\/em><\/p>\n","protected":false},"excerpt":{"rendered":"<p>Nun liegt sie hinter uns, unsere Jahreshauptversammlung. Die ersten Bilder gab es schon gegen 15:00&#8230;<\/p>\n","protected":false},"author":1462,"featured_media":7347,"comment_status":"closed","ping_status":"closed","sticky":false,"template":"","format":"standard","meta":{"footnotes":""},"categories":[32],"tags":[33,34,57,28],"coauthors":[835],"class_list":["post-2421","post","type-post","status-publish","format-standard","has-post-thumbnail","hentry","category-vereinsleben","tag-jahreshauptversammlung","tag-jhv","tag-mitgliederversammlung","tag-roter-adler"],"_links":{"self":[{"href":"https:\/\/testhp.bggroteradler.de\/wp-json\/wp\/v2\/posts\/2421","targetHints":{"allow":["GET"]}}],"collection":[{"href":"https:\/\/testhp.bggroteradler.de\/wp-json\/wp\/v2\/posts"}],"about":[{"href":"https:\/\/testhp.bggroteradler.de\/wp-json\/wp\/v2\/types\/post"}],"author":[{"embeddable":true,"href":"https:\/\/testhp.bggroteradler.de\/wp-json\/wp\/v2\/users\/1462"}],"replies":[{"embeddable":true,"href":"https:\/\/testhp.bggroteradler.de\/wp-json\/wp\/v2\/comments?post=2421"}],"version-history":[{"count":41,"href":"https:\/\/testhp.bggroteradler.de\/wp-json\/wp\/v2\/posts\/2421\/revisions"}],"predecessor-version":[{"id":5942,"href":"https:\/\/testhp.bggroteradler.de\/wp-json\/wp\/v2\/posts\/2421\/revisions\/5942"}],"wp:featuredmedia":[{"embeddable":true,"href":"https:\/\/testhp.bggroteradler.de\/wp-json\/wp\/v2\/media\/7347"}],"wp:attachment":[{"href":"https:\/\/testhp.bggroteradler.de\/wp-json\/wp\/v2\/media?parent=2421"}],"wp:term":[{"taxonomy":"category","embeddable":true,"href":"https:\/\/testhp.bggroteradler.de\/wp-json\/wp\/v2\/categories?post=2421"},{"taxonomy":"post_tag","embeddable":true,"href":"https:\/\/testhp.bggroteradler.de\/wp-json\/wp\/v2\/tags?post=2421"},{"taxonomy":"author","embeddable":true,"href":"https:\/\/testhp.bggroteradler.de\/wp-json\/wp\/v2\/coauthors?post=2421"}],"curies":[{"name":"wp","href":"https:\/\/api.w.org\/{rel}","templated":true}]}}