{"id":3692,"date":"2018-02-26T21:13:40","date_gmt":"2018-02-26T20:13:40","guid":{"rendered":"http:\/\/www.bggroteradler.de\/?p=3692"},"modified":"2018-12-17T19:30:46","modified_gmt":"2018-12-17T18:30:46","slug":"gqb-7-das-potsdamer-malerbuch","status":"publish","type":"post","link":"https:\/\/testhp.bggroteradler.de\/gqb-7-das-potsdamer-malerbuch\/","title":{"rendered":"GQB 7 &#8211; Die Maler, Lackierer und Vergolder in und um Potsdam"},"content":{"rendered":"<p>Dank einer gro\u00dfz\u00fcgigen Spende der <a href=\"https:\/\/www.malerinnung-potsdam.com\/\" rel=\"noopener\" target=\"_blank\">Maler- und Lackierer-Innung Potsdam<\/a> konnte jetzt unser GQB 7 fertiggestellt werden.<\/p>\n<h3 style=\"color:#CC1111\">Die Maler, Lackierer und Vergolder in und um Potsdam, nebst einigen Kunstmalern 1670 &#8211; 1990<\/h3>\n<h3>Das Buch<\/h3>\n<p><a href=\"https:\/\/testhp.bggroteradler.de\/wp-content\/uploads\/2018\/02\/gqb-7-titel.jpg\"><img loading=\"lazy\" decoding=\"async\" src=\"https:\/\/testhp.bggroteradler.de\/wp-content\/uploads\/2018\/02\/gqb-7-titel.jpg\" alt=\"\" class=\"alignright size-full wp-image-3702\" width=\"521\" height=\"734\" srcset=\"https:\/\/testhp.bggroteradler.de\/wp-content\/uploads\/2018\/02\/gqb-7-titel.jpg 521w, https:\/\/testhp.bggroteradler.de\/wp-content\/uploads\/2018\/02\/gqb-7-titel-300x423.jpg 300w, https:\/\/testhp.bggroteradler.de\/wp-content\/uploads\/2018\/02\/gqb-7-titel-213x300.jpg 213w\" sizes=\"auto, (max-width: 521px) 100vw, 521px\" \/><\/a><\/p>\n<p style=\"text-align:justify\">Neben Ortsfamilienb\u00fcchern (OFB) stellen auch Einwohner- und Berufsverzeichnisse f\u00fcr die genealogische Forschung seit langem wichtige Quellen dar und erleichtern die Arbeit nicht nur f\u00fcr Forschungen auf dem betreffenden Gebiet, sondern f\u00fcr die ganze Region. So bietet gerade die Geschichte und die Vertreter eines so weit verbreiteten Gewerbes, wie die Maler es sind, nicht nur Angaben zu konkreten Vertretern dieses Berufes, sondern auch die Verkn\u00fcpfungen zu Personen aus einer Vielzahl anderer Handwerke und Bev\u00f6lkerungsschichten.<\/p>\n<p style=\"text-align:justify\">Das in mehrere Teile gegliederte Werk bietet einen \u00dcberblick zur Geschichte des Berufes und ein Verzeichnis der nachweisbaren Meister \u00fcber mehr als 200 Jahre. Erschlossen \u00fcber ein Orts- und Namensregister, welches insgesamt fast 800 Orte und \u00fcber 1.500 Personen umfasst, f\u00fcgt sich diese Arbeit in das Anliegen der Reihe zur Erfassung personengeschichtlicher Quellen hervorragend ein.<\/p>\n<h3>Der Autor<\/h3>\n<p style=\"text-align:justify\">Gerd Schwarzlose ist von Hause aus Malermeister und Innungsobermeister in Potsdam. Er besch\u00e4ftigt sich seit langem mit der Erforschung nicht nur seiner Vorfahren, sondern weit dar\u00fcber hinaus mit der Geschichte des Malerhandwerkes. Daneben ist er auch als Vorreiter des vereinseigenen Projektes \u201eGrabsteindatenbank Brandenburg&#8220; aktiv.<\/p>\n<p style=\"text-align:justify\">Der 60j\u00e4hrige lebt heute in Stahnsdorfund ist Vorstandsmitglied der Brandenburgischen Genealogischen Gesellschaft \u201eRoter Adler&#8220; e.V.<\/p>\n<hr>\n<p>Bibliographische Angaben:<br \/>\nSchwarzlose, Gerd: Die Maler, Lackierer und Vergolder in und um Potsdam, nebst einigen Kunstmalern 1670 &#8211; 1990, GQB 7, Verlag der Brandenburgischen Genealogischen Gesellschaft &#8222;Roter Adler&#8220; e. V.; 439 Seiten, ISBN: 978-3-945402-08-5, 39,00 \u20ac<\/p>\n","protected":false},"excerpt":{"rendered":"<p>Dank einer gro\u00dfz\u00fcgigen Spende der Maler- und Lackierer-Innung Potsdam konnte jetzt unser GQB 7 fertiggestellt&#8230;<\/p>\n","protected":false},"author":1462,"featured_media":0,"comment_status":"closed","ping_status":"closed","sticky":false,"template":"","format":"standard","meta":{"footnotes":""},"categories":[21],"tags":[27,74,191,76,138],"coauthors":[835],"class_list":["post-3692","post","type-post","status-publish","format-standard","hentry","category-publikationen","tag-bucher","tag-gqb","tag-maler","tag-potsdam","tag-publikationen"],"_links":{"self":[{"href":"https:\/\/testhp.bggroteradler.de\/wp-json\/wp\/v2\/posts\/3692","targetHints":{"allow":["GET"]}}],"collection":[{"href":"https:\/\/testhp.bggroteradler.de\/wp-json\/wp\/v2\/posts"}],"about":[{"href":"https:\/\/testhp.bggroteradler.de\/wp-json\/wp\/v2\/types\/post"}],"author":[{"embeddable":true,"href":"https:\/\/testhp.bggroteradler.de\/wp-json\/wp\/v2\/users\/1462"}],"replies":[{"embeddable":true,"href":"https:\/\/testhp.bggroteradler.de\/wp-json\/wp\/v2\/comments?post=3692"}],"version-history":[{"count":13,"href":"https:\/\/testhp.bggroteradler.de\/wp-json\/wp\/v2\/posts\/3692\/revisions"}],"predecessor-version":[{"id":4133,"href":"https:\/\/testhp.bggroteradler.de\/wp-json\/wp\/v2\/posts\/3692\/revisions\/4133"}],"wp:attachment":[{"href":"https:\/\/testhp.bggroteradler.de\/wp-json\/wp\/v2\/media?parent=3692"}],"wp:term":[{"taxonomy":"category","embeddable":true,"href":"https:\/\/testhp.bggroteradler.de\/wp-json\/wp\/v2\/categories?post=3692"},{"taxonomy":"post_tag","embeddable":true,"href":"https:\/\/testhp.bggroteradler.de\/wp-json\/wp\/v2\/tags?post=3692"},{"taxonomy":"author","embeddable":true,"href":"https:\/\/testhp.bggroteradler.de\/wp-json\/wp\/v2\/coauthors?post=3692"}],"curies":[{"name":"wp","href":"https:\/\/api.w.org\/{rel}","templated":true}]}}