{"id":4013,"date":"2018-10-08T13:38:23","date_gmt":"2018-10-08T12:38:23","guid":{"rendered":"https:\/\/testhp.bggroteradler.de\/?p=4013"},"modified":"2019-09-01T17:59:27","modified_gmt":"2019-09-01T16:59:27","slug":"buchvorstellung-zeitenwanderung","status":"publish","type":"post","link":"https:\/\/testhp.bggroteradler.de\/?p=4013","title":{"rendered":"Buchvorstellung &#8220;Zeitenwanderung&#8221;"},"content":{"rendered":"<p><a href=\"https:\/\/www.facebook.com\/events\/1115680681932847\/?ti=cl\">zu den Veranstaltungsdaten<\/a><br \/>\nAuf Einladung unseres Partnervereins in Berlin findet am Mittwoch, dem 10. Oktober, die erste Lesung und Buchvorstellung f\u00fcr unsere neueste Publikation statt.<br \/>\n<a href=\"https:\/\/testhp.bggroteradler.de\/wp-content\/uploads\/2018\/06\/Zeitenwanderung-Titelblatt-1.jpg\"><img decoding=\"async\" src=\"https:\/\/testhp.bggroteradler.de\/wp-content\/uploads\/2018\/06\/Zeitenwanderung-Titelblatt-1-196x300.jpg\" alt=\"\" width=\"196\" height=\"300\" class=\"alignleft size-medium wp-image-3866\" srcset=\"https:\/\/testhp.bggroteradler.de\/wp-content\/uploads\/2018\/06\/Zeitenwanderung-Titelblatt-1-196x300.jpg 196w, https:\/\/testhp.bggroteradler.de\/wp-content\/uploads\/2018\/06\/Zeitenwanderung-Titelblatt-1-300x458.jpg 300w, https:\/\/testhp.bggroteradler.de\/wp-content\/uploads\/2018\/06\/Zeitenwanderung-Titelblatt-1.jpg 390w\" sizes=\"(max-width: 196px) 100vw, 196px\" \/><\/a>Unser Autor Dr. Andreas B\u00fcchtemann erl\u00e4utert pers\u00f6nlich die familiengerichtlichen Hintergr\u00fcnde seiner Erz\u00e4hlungen aus 5 Jahrhunderten. Dazu liest Gerd-Christian Treutler einige Passagen aus den teils lustigen, teils merkw\u00fcrdigen, aber auch tragischen Erlebnissen der Vorfahren unseres Autors.<br \/>\nLassen auch sie sich \u00fcberraschen, wie die gro\u00dfe Geschichte auch vor den kleinen D\u00f6rfern und ihren Bewohnern nicht spurlos vorbeizog!<br \/>\n<a href=\"https:\/\/testhp.bggroteradler.de\/?p=3988\">zum Buch &#8220;Zeitenwanderung&#8221;<\/a><\/p>\n","protected":false},"excerpt":{"rendered":"<p>zu den Veranstaltungsdaten Auf Einladung unseres Partnervereins in Berlin findet am Mittwoch, dem 10. Oktober, die erste Lesung und Buchvorstellung f\u00fcr unsere neueste Publikation statt. Unser Autor Dr. Andreas B\u00fcchtemann erl\u00e4utert pers\u00f6nlich die familiengerichtlichen Hintergr\u00fcnde seiner Erz\u00e4hlungen aus 5 Jahrhunderten. Dazu liest Gerd-Christian Treutler einige Passagen aus den teils lustigen, teils merkw\u00fcrdigen, aber auch tragischen Erlebnissen der Vorfahren unseres Autors. Lassen auch sie sich \u00fcberraschen, wie die gro\u00dfe Geschichte auch vor den kleinen D\u00f6rfern und ihren Bewohnern nicht spurlos vorbeizog! [&#8230;]<\/p>\n","protected":false},"author":4,"featured_media":0,"comment_status":"closed","ping_status":"closed","sticky":false,"template":"","format":"standard","meta":{"_themeisle_gutenberg_block_has_review":false,"footnotes":""},"categories":[21,42],"tags":[84,138],"_links":{"self":[{"href":"https:\/\/testhp.bggroteradler.de\/index.php?rest_route=\/wp\/v2\/posts\/4013"}],"collection":[{"href":"https:\/\/testhp.bggroteradler.de\/index.php?rest_route=\/wp\/v2\/posts"}],"about":[{"href":"https:\/\/testhp.bggroteradler.de\/index.php?rest_route=\/wp\/v2\/types\/post"}],"author":[{"embeddable":true,"href":"https:\/\/testhp.bggroteradler.de\/index.php?rest_route=\/wp\/v2\/users\/4"}],"replies":[{"embeddable":true,"href":"https:\/\/testhp.bggroteradler.de\/index.php?rest_route=%2Fwp%2Fv2%2Fcomments&post=4013"}],"version-history":[{"count":2,"href":"https:\/\/testhp.bggroteradler.de\/index.php?rest_route=\/wp\/v2\/posts\/4013\/revisions"}],"predecessor-version":[{"id":4015,"href":"https:\/\/testhp.bggroteradler.de\/index.php?rest_route=\/wp\/v2\/posts\/4013\/revisions\/4015"}],"wp:attachment":[{"href":"https:\/\/testhp.bggroteradler.de\/index.php?rest_route=%2Fwp%2Fv2%2Fmedia&parent=4013"}],"wp:term":[{"taxonomy":"category","embeddable":true,"href":"https:\/\/testhp.bggroteradler.de\/index.php?rest_route=%2Fwp%2Fv2%2Fcategories&post=4013"},{"taxonomy":"post_tag","embeddable":true,"href":"https:\/\/testhp.bggroteradler.de\/index.php?rest_route=%2Fwp%2Fv2%2Ftags&post=4013"}],"curies":[{"name":"wp","href":"https:\/\/api.w.org\/{rel}","templated":true}]}}