{"id":8514,"date":"2022-06-22T09:36:55","date_gmt":"2022-06-22T08:36:55","guid":{"rendered":"https:\/\/testhp.bggroteradler.de\/?p=8514"},"modified":"2022-09-05T00:04:52","modified_gmt":"2022-09-04T23:04:52","slug":"neue-dauerausstellung","status":"publish","type":"post","link":"https:\/\/testhp.bggroteradler.de\/neue-dauerausstellung\/","title":{"rendered":"Neue Dauerausstellung"},"content":{"rendered":"\n<p>Im Haus der Brandenburg-Preu\u00dfischen Geschichte <\/p>\n\n\n\n<p>wird am 22. Juni 2022, um 16 Uhr mit einer \u00f6ffentlichen \u00dcberblicksf\u00fchrung<\/p>\n\n\n\n<p>die neue Brandenburg-Ausstellung vorAgestellt.<\/p>\n\n\n\n<p>N\u00e4here Informationen finden Sie hier:<\/p>\n\n\n\n<figure class=\"wp-block-embed is-type-wp-embed is-provider-brandenburgische-gesellschaft-fur-kultur-und-geschichte wp-block-embed-brandenburgische-gesellschaft-fur-kultur-und-geschichte\"><div class=\"wp-block-embed__wrapper\">\nhttps:\/\/gesellschaft-kultur-geschichte.de\/haus-der-brandenburgisch-preussischen-geschichte\/\n<\/div><figcaption>Zum Haus der Brandenburg-Preu\u00dfischen Geschichte<\/figcaption><\/figure>\n\n\n\n<figure class=\"wp-block-embed is-type-wp-embed is-provider-brandenburgische-gesellschaft-fur-kultur-und-geschichte wp-block-embed-brandenburgische-gesellschaft-fur-kultur-und-geschichte\"><div class=\"wp-block-embed__wrapper\">\nhttps:\/\/gesellschaft-kultur-geschichte.de\/haus-der-brandenburgisch-preussischen-geschichte\/brandenburg-ausstellung\/\n<\/div><figcaption>Zur Brandenburg-Ausstellung<\/figcaption><\/figure>\n","protected":false},"excerpt":{"rendered":"<p>Im Haus der Brandenburg-Preu\u00dfischen Geschichte wird am 22. Juni 2022, um 16 Uhr mit einer&#8230;<\/p>\n","protected":false},"author":1466,"featured_media":8516,"comment_status":"closed","ping_status":"closed","sticky":false,"template":"","format":"standard","meta":{"footnotes":""},"categories":[202,201],"tags":[588,76],"coauthors":[566],"class_list":["post-8514","post","type-post","status-publish","format-standard","has-post-thumbnail","hentry","category-ausstellung","category-museum","tag-hbpg","tag-potsdam"],"_links":{"self":[{"href":"https:\/\/testhp.bggroteradler.de\/wp-json\/wp\/v2\/posts\/8514","targetHints":{"allow":["GET"]}}],"collection":[{"href":"https:\/\/testhp.bggroteradler.de\/wp-json\/wp\/v2\/posts"}],"about":[{"href":"https:\/\/testhp.bggroteradler.de\/wp-json\/wp\/v2\/types\/post"}],"author":[{"embeddable":true,"href":"https:\/\/testhp.bggroteradler.de\/wp-json\/wp\/v2\/users\/1466"}],"replies":[{"embeddable":true,"href":"https:\/\/testhp.bggroteradler.de\/wp-json\/wp\/v2\/comments?post=8514"}],"version-history":[{"count":3,"href":"https:\/\/testhp.bggroteradler.de\/wp-json\/wp\/v2\/posts\/8514\/revisions"}],"predecessor-version":[{"id":8638,"href":"https:\/\/testhp.bggroteradler.de\/wp-json\/wp\/v2\/posts\/8514\/revisions\/8638"}],"wp:featuredmedia":[{"embeddable":true,"href":"https:\/\/testhp.bggroteradler.de\/wp-json\/wp\/v2\/media\/8516"}],"wp:attachment":[{"href":"https:\/\/testhp.bggroteradler.de\/wp-json\/wp\/v2\/media?parent=8514"}],"wp:term":[{"taxonomy":"category","embeddable":true,"href":"https:\/\/testhp.bggroteradler.de\/wp-json\/wp\/v2\/categories?post=8514"},{"taxonomy":"post_tag","embeddable":true,"href":"https:\/\/testhp.bggroteradler.de\/wp-json\/wp\/v2\/tags?post=8514"},{"taxonomy":"author","embeddable":true,"href":"https:\/\/testhp.bggroteradler.de\/wp-json\/wp\/v2\/coauthors?post=8514"}],"curies":[{"name":"wp","href":"https:\/\/api.w.org\/{rel}","templated":true}]}}